{"id":32199,"date":"2026-09-03T14:22:04","date_gmt":"2026-09-03T17:22:04","guid":{"rendered":"https:\/\/jornalopiniao.com.br\/?p=32199"},"modified":"2026-09-03T14:22:12","modified_gmt":"2026-09-03T17:22:12","slug":"carne-bovina-produtores-se-preocupam-com-suspensao-de-compras-pela-ue","status":"publish","type":"post","link":"https:\/\/jornalopiniao.com.br\/pt\/carne-bovina-produtores-se-preocupam-com-suspensao-de-compras-pela-ue\/","title":{"rendered":"Carne bovina: produtores se preocupam com suspens\u00e3o de compras pela UE"},"content":{"rendered":"<p class=\"wp-block-paragraph\">O setor que produz e exporta carne bovina brasileira anunciou que \u201cv\u00ea com preocupa\u00e7\u00e3o\u201d a decis\u00e3o da Uni\u00e3o Europeia de&nbsp;<strong>interromper a compra do produto, a partir desta quinta-feira (3)<\/strong>. De acordo com a a Associa\u00e7\u00e3o Brasileira das Ind\u00fastrias Exportadoras de Carnes (ABIEC), \u201ca entidade vem atuando em conjunto\u201d com o Minist\u00e9rio da Agricultura e Pecu\u00e1ria, autoridade sanit\u00e1ria brasileira respons\u00e1vel pela negocia\u00e7\u00e3o com as autoridades da Europa.&nbsp;<img decoding=\"async\" src=\"https:\/\/agenciabrasil.ebc.com.br\/ebc.png?id=1701453&amp;o=node\"><img decoding=\"async\" src=\"https:\/\/agenciabrasil.ebc.com.br\/ebc.gif?id=1701453&amp;o=node\"><\/p>\n\n\n\n<p class=\"wp-block-paragraph\">A decis\u00e3o de retirar o Brasil da lista de pa\u00edses aptos a cumprir as&nbsp;<strong>exig\u00eancias sobre o uso de rem\u00e9dios antimicrobianos na produ\u00e7\u00e3o bovina aconteceu em junho deste ano<\/strong>. O bloco europeu explicou que levou em conta que a legisla\u00e7\u00e3o de l\u00e1 pro\u00edbe o uso de algumas subst\u00e2ncias que aceleram o crescimento dos animais e aumentam a produtividade, como \u00e9 o caso de alguns antimicrobianos.&nbsp;<strong>Al\u00e9m disso, a UE veta o uso de antibi\u00f3ticos que tratam infec\u00e7\u00f5es humanas.<\/strong><\/p>\n\n\n\n<p class=\"wp-block-paragraph\">Ap\u00f3s a decis\u00e3o, a Confedera\u00e7\u00e3o da \u2060Agricultura e Pecu\u00e1ria do Brasil (CNA) informou que enviou of\u00edcios ao governo e ao congresso brasileiros, \u201calertando para os preju\u00edzos ao setor agropecu\u00e1rio com a decis\u00e3o da Uni\u00e3o Europeia\u201d. O texto cita que a suspens\u00e3o da carne bovina pelo bloco \u201cdesconsidera o rigor do sistema oficial de defesa e inspe\u00e7\u00e3o sanit\u00e1ria do Brasil\u201d e imp\u00f5e \u201cpreju\u00edzos imediatos \u00e0s cadeias produtivas nacionais, gerando grave e injustificada distor\u00e7\u00e3o no acesso ao mercado europeu\u201d. &nbsp;<\/p>\n\n\n\n<p class=\"wp-block-paragraph\">Ainda em meio \u00e0s negocia\u00e7\u00f5es, o Minist\u00e9rio da Agricultura e Pecu\u00e1ria do Brasil informou, em julho deste ano, que busca \u201catender integralmente aos requisitos estabelecidos pelos mercados importadores\u201d e n\u00e3o a flexibiliza\u00e7\u00e3o das normas sanit\u00e1rias europeias. E completou dizendo que&nbsp;<strong>\u201co Brasil exporta produtos de origem animal para mais de 150 pa\u00edses\u201d.&nbsp;<\/strong><\/p>\n\n\n\n<p class=\"wp-block-paragraph\">Diante da exclus\u00e3o do Brasil da lista do bloco europeu, o Minist\u00e9rio ainda anunciou ter apresentado \u00e0 Comiss\u00e3o Europeia \u201cdocumenta\u00e7\u00e3o t\u00e9cnica robusta, detalhando os mecanismos oficiais de fiscaliza\u00e7\u00e3o e as garantias governamentais para cada uma das cadeias produtivas\u201d&nbsp;<\/p>\n\n\n\n<p class=\"wp-block-paragraph\">Ainda nesse contexto, a Associa\u00e7\u00e3o Brasileira das Ind\u00fastrias Exportadoras de Carnes afirma que a carne bovina brasileira segue sendo comercializada nos demais pa\u00edses. No entanto, alerta que a substitui\u00e7\u00e3o por outros compradores n\u00e3o \u00e9 autom\u00e1tica, j\u00e1 que cada pa\u00eds demanda produtos e cortes diferentes. Por isso, a ABIEC refor\u00e7a a import\u00e2ncia de negociar a reinclus\u00e3o da carne bovina brasileira no mercado europeu.<\/p>\n\n\n\n<p class=\"wp-block-paragraph\"><em><strong>Fonte\/foto: Ag\u00eancia Brasil <\/strong><\/em><\/p>","protected":false},"excerpt":{"rendered":"<p>O setor que produz e exporta carne bovina brasileira anunciou que \u201cv\u00ea com preocupa\u00e7\u00e3o\u201d a decis\u00e3o da Uni\u00e3o Europeia de&nbsp;interromper a compra do produto, a partir desta quinta-feira (3). De acordo com a a Associa\u00e7\u00e3o Brasileira das Ind\u00fastrias Exportadoras de Carnes (ABIEC), \u201ca entidade vem atuando em conjunto\u201d com o Minist\u00e9rio da Agricultura e Pecu\u00e1ria,&#8230;<\/p>","protected":false},"author":22,"featured_media":32200,"comment_status":"open","ping_status":"open","sticky":false,"template":"","format":"standard","meta":{"_acf_changed":false,"pmpro_default_level":"","footnotes":"","jetpack_publicize_message":"","jetpack_publicize_feature_enabled":true,"jetpack_social_post_already_shared":true,"jetpack_social_options":{"image_generator_settings":{"template":"highway","default_image_id":0,"font":"","enabled":false},"version":2}},"categories":[103,218,98],"tags":[701,193,697],"post_template":[83],"top_category":[77,82],"class_list":["post-32199","post","type-post","status-publish","format-standard","has-post-thumbnail","hentry","category-agricultura","category-brasil","category-geral","tag-bovina","tag-brasil","tag-carne","post_template-layout-padrao","top_category-agora","top_category-noticia","pmpro-has-access"],"acf":[],"jetpack_publicize_connections":[],"_links":{"self":[{"href":"https:\/\/jornalopiniao.com.br\/pt\/wp-json\/wp\/v2\/posts\/32199","targetHints":{"allow":["GET"]}}],"collection":[{"href":"https:\/\/jornalopiniao.com.br\/pt\/wp-json\/wp\/v2\/posts"}],"about":[{"href":"https:\/\/jornalopiniao.com.br\/pt\/wp-json\/wp\/v2\/types\/post"}],"author":[{"embeddable":true,"href":"https:\/\/jornalopiniao.com.br\/pt\/wp-json\/wp\/v2\/users\/22"}],"replies":[{"embeddable":true,"href":"https:\/\/jornalopiniao.com.br\/pt\/wp-json\/wp\/v2\/comments?post=32199"}],"version-history":[{"count":1,"href":"https:\/\/jornalopiniao.com.br\/pt\/wp-json\/wp\/v2\/posts\/32199\/revisions"}],"predecessor-version":[{"id":32201,"href":"https:\/\/jornalopiniao.com.br\/pt\/wp-json\/wp\/v2\/posts\/32199\/revisions\/32201"}],"wp:featuredmedia":[{"embeddable":true,"href":"https:\/\/jornalopiniao.com.br\/pt\/wp-json\/wp\/v2\/media\/32200"}],"wp:attachment":[{"href":"https:\/\/jornalopiniao.com.br\/pt\/wp-json\/wp\/v2\/media?parent=32199"}],"wp:term":[{"taxonomy":"category","embeddable":true,"href":"https:\/\/jornalopiniao.com.br\/pt\/wp-json\/wp\/v2\/categories?post=32199"},{"taxonomy":"post_tag","embeddable":true,"href":"https:\/\/jornalopiniao.com.br\/pt\/wp-json\/wp\/v2\/tags?post=32199"},{"taxonomy":"post_template","embeddable":true,"href":"https:\/\/jornalopiniao.com.br\/pt\/wp-json\/wp\/v2\/post_template?post=32199"},{"taxonomy":"top_category","embeddable":true,"href":"https:\/\/jornalopiniao.com.br\/pt\/wp-json\/wp\/v2\/top_category?post=32199"}],"curies":[{"name":"wp","href":"https:\/\/api.w.org\/{rel}","templated":true}]}}