{"id":32196,"date":"2026-09-03T13:58:49","date_gmt":"2026-09-03T16:58:49","guid":{"rendered":"https:\/\/jornalopiniao.com.br\/?p=32196"},"modified":"2026-09-03T13:58:55","modified_gmt":"2026-09-03T16:58:55","slug":"educacao-empreendedora-chega-a-67-mil-alunos-da-rede-publica-de-ensino-de-francisco-beltrao","status":"publish","type":"post","link":"https:\/\/jornalopiniao.com.br\/pt\/educacao-empreendedora-chega-a-67-mil-alunos-da-rede-publica-de-ensino-de-francisco-beltrao\/","title":{"rendered":"Educa\u00e7\u00e3o empreendedora chega a 6,7 mil alunos da rede p\u00fablica de ensino de Francisco Beltr\u00e3o"},"content":{"rendered":"<p class=\"wp-block-paragraph\">Mais de 6,7 mil alunos de 21 escolas p\u00fablicas de Francisco Beltr\u00e3o, no sudoeste do Paran\u00e1, est\u00e3o sendo beneficiados com a entrega dos \u201cQuadrinhos Empreendedores do Futuro\u201d. A iniciativa do Sebrae\/PR busca aproximar crian\u00e7as dos primeiros anos do Ensino Fundamental a conceitos como criatividade e pensamento cr\u00edtico. Nas regi\u00f5es sudoeste e sul do Paran\u00e1, a iniciativa j\u00e1 beneficiou mais de 73 mil alunos de 42 munic\u00edpios.<\/p>\n\n\n\n<p class=\"wp-block-paragraph\">Os Quadrinhos Empreendedores do Futuro s\u00e3o uma ferramenta desenvolvida para aproximar crian\u00e7as de conceitos relacionados ao empreendedorismo de forma l\u00fadica e adequada ao ambiente escolar. Por meio das aventuras de Dod\u00f4, o Beija-flor, e a sua turma, os materiais abordam temas como inova\u00e7\u00e3o, colabora\u00e7\u00e3o, planejamento, criatividade e gest\u00e3o financeira, mostrando aos estudantes diferentes etapas envolvidas na transforma\u00e7\u00e3o de ideias em iniciativas concretas.<\/p>\n\n\n\n<p class=\"wp-block-paragraph\">Para a consultora do Sebrae\/PR, Claudineia Cabral, o material amplia as possibilidades de abordagem do tema no ambiente escolar.<\/p>\n\n\n\n<p class=\"wp-block-paragraph\">\u201cOs gibis s\u00e3o um material exclusivo e apresentam iniciativas empreendedoras capazes de inspirar as crian\u00e7as, estimulando habilidades como criatividade e trabalho em grupo. \u00c9 uma maneira leve e pr\u00f3xima da realidade delas de complementar o trabalho de educa\u00e7\u00e3o empreendedora realizado nas escolas\u201d, destaca Claudineia.<\/p>\n\n\n\n<p class=\"wp-block-paragraph\">Al\u00e9m das hist\u00f3rias em quadrinhos, os professores contam com um Manual do Professor e cards com sugest\u00f5es de atividades que auxiliam na aplica\u00e7\u00e3o dos conte\u00fados em sala de aula. A proposta permite que cada educador adapte os materiais \u00e0 realidade da turma e ao planejamento pedag\u00f3gico, utilizando as atividades integralmente ou como ponto de partida para outras din\u00e2micas.<\/p>\n\n\n\n<p class=\"wp-block-paragraph\"><strong>Educa\u00e7\u00e3o empreendedora<\/strong><\/p>\n\n\n\n<p class=\"wp-block-paragraph\">Os materiais tamb\u00e9m incluem jogos educativos, ampliando as possibilidades de aprendizagem e de intera\u00e7\u00e3o com os estudantes. Com diferentes recursos, a entrega dos materiais contribui para a inser\u00e7\u00e3o da educa\u00e7\u00e3o empreendedora no cotidiano escolar. A iniciativa \u00e9 reconhecida pelo munic\u00edpio como uma ferramenta que amplia as possibilidades de aprendizagem e aproxima conceitos de empreendedorismo do dia a dia dos estudantes.<\/p>\n\n\n\n<p class=\"wp-block-paragraph\">Para Alisson Fernando Severgnini, coordenador Pedag\u00f3gico da Secretaria Municipal de Educa\u00e7\u00e3o de Francisco Beltr\u00e3o, os quadrinhos contribuem para trabalhar diferentes habilidades de maneira acess\u00edvel e adequada ao universo infantil.<\/p>\n\n\n\n<p class=\"wp-block-paragraph\">\u201cO material utiliza uma linguagem que as crian\u00e7as gostam e conseguem apresentar conceitos de empreendedorismo, finan\u00e7as e resolu\u00e7\u00e3o de problemas de forma l\u00fadica e visual. Al\u00e9m do conhecimento, estimulam o pensamento cr\u00edtico, a autonomia, a criatividade, o trabalho em equipe e a responsabilidade financeira. Agradecemos ao Sebrae por essa parceria, que fortalece nosso compromisso com a educa\u00e7\u00e3o p\u00fablica de qualidade\u201d, pontua Alisson.<\/p>\n\n\n\n<p class=\"wp-block-paragraph\">A a\u00e7\u00e3o faz parte do Projeto Educa\u00e7\u00e3o Empreendedora, que conta, h\u00e1 mais de uma d\u00e9cada, com o Programa Jovens Empreendedores Primeiros Passos (JEPP), uma metodologia com atividades em ambiente escolar que inclui forma\u00e7\u00e3o de professores regentes e feirinhas de encerramento, em que os alunos exp\u00f5em suas cria\u00e7\u00f5es para a comunidade. Os materiais podem ser acessados pelo link:&nbsp;<a href=\"https:\/\/sebraepr.com.br\/quadrinhos\" target=\"_blank\" rel=\"noopener\">https:\/\/sebraepr.com.br\/<wbr>quadrinhos<\/a><\/p>\n\n\n\n<p class=\"wp-block-paragraph\"><em><strong>Fonte\/foto: Assessoria Sebrae\/PR<\/strong><\/em><\/p>","protected":false},"excerpt":{"rendered":"<p>Mais de 6,7 mil alunos de 21 escolas p\u00fablicas de Francisco Beltr\u00e3o, no sudoeste do Paran\u00e1, est\u00e3o sendo beneficiados com a entrega dos \u201cQuadrinhos Empreendedores do Futuro\u201d. A iniciativa do Sebrae\/PR busca aproximar crian\u00e7as dos primeiros anos do Ensino Fundamental a conceitos como criatividade e pensamento cr\u00edtico. Nas regi\u00f5es sudoeste e sul do Paran\u00e1, a&#8230;<\/p>","protected":false},"author":22,"featured_media":32197,"comment_status":"open","ping_status":"open","sticky":false,"template":"","format":"standard","meta":{"_acf_changed":false,"pmpro_default_level":"","footnotes":"","jetpack_publicize_message":"","jetpack_publicize_feature_enabled":true,"jetpack_social_post_already_shared":true,"jetpack_social_options":{"image_generator_settings":{"template":"highway","default_image_id":0,"font":"","enabled":false},"version":2}},"categories":[100,574,27],"tags":[222,696,124,695,228],"post_template":[83],"top_category":[77,82],"class_list":["post-32196","post","type-post","status-publish","format-standard","has-post-thumbnail","hentry","category-educacao","category-social","category-sudoeste","tag-educacao","tag-elunos","tag-francisco-beltrao","tag-sebrae","tag-sudoeste","post_template-layout-padrao","top_category-agora","top_category-noticia","pmpro-has-access"],"acf":[],"jetpack_publicize_connections":[],"_links":{"self":[{"href":"https:\/\/jornalopiniao.com.br\/pt\/wp-json\/wp\/v2\/posts\/32196","targetHints":{"allow":["GET"]}}],"collection":[{"href":"https:\/\/jornalopiniao.com.br\/pt\/wp-json\/wp\/v2\/posts"}],"about":[{"href":"https:\/\/jornalopiniao.com.br\/pt\/wp-json\/wp\/v2\/types\/post"}],"author":[{"embeddable":true,"href":"https:\/\/jornalopiniao.com.br\/pt\/wp-json\/wp\/v2\/users\/22"}],"replies":[{"embeddable":true,"href":"https:\/\/jornalopiniao.com.br\/pt\/wp-json\/wp\/v2\/comments?post=32196"}],"version-history":[{"count":1,"href":"https:\/\/jornalopiniao.com.br\/pt\/wp-json\/wp\/v2\/posts\/32196\/revisions"}],"predecessor-version":[{"id":32198,"href":"https:\/\/jornalopiniao.com.br\/pt\/wp-json\/wp\/v2\/posts\/32196\/revisions\/32198"}],"wp:featuredmedia":[{"embeddable":true,"href":"https:\/\/jornalopiniao.com.br\/pt\/wp-json\/wp\/v2\/media\/32197"}],"wp:attachment":[{"href":"https:\/\/jornalopiniao.com.br\/pt\/wp-json\/wp\/v2\/media?parent=32196"}],"wp:term":[{"taxonomy":"category","embeddable":true,"href":"https:\/\/jornalopiniao.com.br\/pt\/wp-json\/wp\/v2\/categories?post=32196"},{"taxonomy":"post_tag","embeddable":true,"href":"https:\/\/jornalopiniao.com.br\/pt\/wp-json\/wp\/v2\/tags?post=32196"},{"taxonomy":"post_template","embeddable":true,"href":"https:\/\/jornalopiniao.com.br\/pt\/wp-json\/wp\/v2\/post_template?post=32196"},{"taxonomy":"top_category","embeddable":true,"href":"https:\/\/jornalopiniao.com.br\/pt\/wp-json\/wp\/v2\/top_category?post=32196"}],"curies":[{"name":"wp","href":"https:\/\/api.w.org\/{rel}","templated":true}]}}