{"id":32193,"date":"2026-09-03T00:34:44","date_gmt":"2026-09-03T03:34:44","guid":{"rendered":"https:\/\/jornalopiniao.com.br\/?p=32193"},"modified":"2026-09-03T00:34:51","modified_gmt":"2026-09-03T03:34:51","slug":"probabilidade-de-o-el-nino-ser-muito-forte-neste-trimestre-e-de-90","status":"publish","type":"post","link":"https:\/\/jornalopiniao.com.br\/pt\/probabilidade-de-o-el-nino-ser-muito-forte-neste-trimestre-e-de-90\/","title":{"rendered":"Probabilidade de o El Ni\u00f1o ser muito forte neste trimestre \u00e9 de 90%"},"content":{"rendered":"<p class=\"wp-block-paragraph\">A probabilidade de o El Ni\u00f1o ser muito forte neste trimestre \u00e9 de 90%. A previs\u00e3o \u00e9 do Inmet, Instituto Nacional de Meteorologia. O fen\u00f4meno clim\u00e1tico ocorre quando as \u00e1guas do Oceano Pac\u00edfico ficam mais quentes do que o normal. Esse aquecimento altera os ventos e mexe com o clima em v\u00e1rias partes do mundo, inclusive no Brasil.<img decoding=\"async\" src=\"https:\/\/agenciabrasil.ebc.com.br\/ebc.png?id=1701401&amp;o=node\"><img decoding=\"async\" src=\"https:\/\/agenciabrasil.ebc.com.br\/ebc.gif?id=1701401&amp;o=node\"><\/p>\n\n\n\n<p class=\"wp-block-paragraph\"><strong>Com o El Ni\u00f1o muito forte em setembro, outubro e novembro, o Brasil deve sentir mudan\u00e7as importantes no tempo.<\/strong>&nbsp;Foi o que detalhou o meteorologista do Inmet&nbsp;<strong>Melk Duarte<\/strong>:<\/p>\n\n\n\n<blockquote class=\"wp-block-quote is-layout-flow wp-block-quote-is-layout-flow\">\n<p class=\"wp-block-paragraph\">&#8220;Na regi\u00e3o Norte, por exemplo, a tend\u00eancia \u00e9 de menos chuvas do que o normal. J\u00e1 no Sul, deve chover mais do que o habitual. No Sudeste e no Centro-Oeste, incluindo estados como Minas Gerais, Esp\u00edrito Santo, Rio de Janeiro, Goi\u00e1s e parte da Bahia, o clima tende a ficar mais seco, mas as chuvas devem ser mais irregulares. Em rela\u00e7\u00e3o \u00e0s temperaturas, praticamente todo o pa\u00eds deve registrar calor acima da m\u00e9dia.&#8221;<\/p>\n<\/blockquote>\n\n\n\n<h3 class=\"wp-block-heading\">Alerta<\/h3>\n\n\n\n<p class=\"wp-block-paragraph\">Segundo o Inmet, a combina\u00e7\u00e3o de calor intenso e estiagem prolongada nas regi\u00f5es central e norte do pa\u00eds acende um alerta para o poss\u00edvel aumento de queimadas. Isso, especialmente se o in\u00edcio da esta\u00e7\u00e3o chuvosa atrasar, como j\u00e1 \u00e9 considerado prov\u00e1vel pelo instituto.<\/p>\n\n\n\n<p class=\"wp-block-paragraph\">Diante da for\u00e7a do El Ni\u00f1o, o meteorologista Melk Duarte destaca a principal orienta\u00e7\u00e3o do Inmet:<\/p>\n\n\n\n<blockquote class=\"wp-block-quote is-layout-flow wp-block-quote-is-layout-flow\">\n<p class=\"wp-block-paragraph\">&#8220;O principal conselho \u00e9 seguir sempre as orienta\u00e7\u00f5es e os alertas emitidos pela Defesa Civil. Eles informam sobre os riscos, d\u00e3o recomenda\u00e7\u00f5es espec\u00edficas para cada situa\u00e7\u00e3o e tamb\u00e9m para cada regi\u00e3o, e orientam sobre como agir em casos de emerg\u00eancia.&#8221;<\/p>\n<\/blockquote>\n\n\n\n<p class=\"wp-block-paragraph\"><strong>O Inmet refor\u00e7a aos \u00f3rg\u00e3os p\u00fablicos a necessidade de monitoramento cont\u00ednuo das condi\u00e7\u00f5es do tempo para identificar, com anteced\u00eancia, as \u00e1reas mais vulner\u00e1veis a secas, ondas de calor e inunda\u00e7\u00f5es.<\/strong><\/p>\n\n\n\n<p class=\"wp-block-paragraph\"><em><strong>Fonte\/foto: Assessoria<\/strong><\/em><\/p>","protected":false},"excerpt":{"rendered":"<p>A probabilidade de o El Ni\u00f1o ser muito forte neste trimestre \u00e9 de 90%. A previs\u00e3o \u00e9 do Inmet, Instituto Nacional de Meteorologia. O fen\u00f4meno clim\u00e1tico ocorre quando as \u00e1guas do Oceano Pac\u00edfico ficam mais quentes do que o normal. Esse aquecimento altera os ventos e mexe com o clima em v\u00e1rias partes do mundo,&#8230;<\/p>","protected":false},"author":22,"featured_media":32194,"comment_status":"open","ping_status":"open","sticky":false,"template":"","format":"standard","meta":{"_acf_changed":false,"pmpro_default_level":"","footnotes":"","jetpack_publicize_message":"","jetpack_publicize_feature_enabled":true,"jetpack_social_post_already_shared":true,"jetpack_social_options":{"image_generator_settings":{"template":"highway","default_image_id":0,"font":"","enabled":false},"version":2}},"categories":[218,98,577],"tags":[193,190,227,694,522],"post_template":[83],"top_category":[77,82,649],"class_list":["post-32193","post","type-post","status-publish","format-standard","has-post-thumbnail","hentry","category-brasil","category-geral","category-parana","tag-brasil","tag-clima","tag-el-ninho","tag-forte","tag-parana-2","post_template-layout-padrao","top_category-agora","top_category-noticia","top_category-ultimas-noticias","pmpro-has-access"],"acf":[],"jetpack_publicize_connections":[],"_links":{"self":[{"href":"https:\/\/jornalopiniao.com.br\/pt\/wp-json\/wp\/v2\/posts\/32193","targetHints":{"allow":["GET"]}}],"collection":[{"href":"https:\/\/jornalopiniao.com.br\/pt\/wp-json\/wp\/v2\/posts"}],"about":[{"href":"https:\/\/jornalopiniao.com.br\/pt\/wp-json\/wp\/v2\/types\/post"}],"author":[{"embeddable":true,"href":"https:\/\/jornalopiniao.com.br\/pt\/wp-json\/wp\/v2\/users\/22"}],"replies":[{"embeddable":true,"href":"https:\/\/jornalopiniao.com.br\/pt\/wp-json\/wp\/v2\/comments?post=32193"}],"version-history":[{"count":1,"href":"https:\/\/jornalopiniao.com.br\/pt\/wp-json\/wp\/v2\/posts\/32193\/revisions"}],"predecessor-version":[{"id":32195,"href":"https:\/\/jornalopiniao.com.br\/pt\/wp-json\/wp\/v2\/posts\/32193\/revisions\/32195"}],"wp:featuredmedia":[{"embeddable":true,"href":"https:\/\/jornalopiniao.com.br\/pt\/wp-json\/wp\/v2\/media\/32194"}],"wp:attachment":[{"href":"https:\/\/jornalopiniao.com.br\/pt\/wp-json\/wp\/v2\/media?parent=32193"}],"wp:term":[{"taxonomy":"category","embeddable":true,"href":"https:\/\/jornalopiniao.com.br\/pt\/wp-json\/wp\/v2\/categories?post=32193"},{"taxonomy":"post_tag","embeddable":true,"href":"https:\/\/jornalopiniao.com.br\/pt\/wp-json\/wp\/v2\/tags?post=32193"},{"taxonomy":"post_template","embeddable":true,"href":"https:\/\/jornalopiniao.com.br\/pt\/wp-json\/wp\/v2\/post_template?post=32193"},{"taxonomy":"top_category","embeddable":true,"href":"https:\/\/jornalopiniao.com.br\/pt\/wp-json\/wp\/v2\/top_category?post=32193"}],"curies":[{"name":"wp","href":"https:\/\/api.w.org\/{rel}","templated":true}]}}