{"id":32190,"date":"2026-09-03T00:32:15","date_gmt":"2026-09-03T03:32:15","guid":{"rendered":"https:\/\/jornalopiniao.com.br\/?p=32190"},"modified":"2026-09-03T00:32:23","modified_gmt":"2026-09-03T03:32:23","slug":"gestao-de-pessoas-ganha-destaque-em-novo-treinamento-da-acefb","status":"publish","type":"post","link":"https:\/\/jornalopiniao.com.br\/pt\/gestao-de-pessoas-ganha-destaque-em-novo-treinamento-da-acefb\/","title":{"rendered":"Gest\u00e3o de pessoas ganha destaque em novo treinamento da Acefb"},"content":{"rendered":"<p class=\"wp-block-paragraph\">Ter as pessoas certas na equipe \u00e9 fundamental para o sucesso de uma empresa, mas saber gerir talentos, organizar processos e manter profissionais engajados pode ser um desafio. Pensando nisso, o Ponto de Atendimento ao Empreendedor da Associa\u00e7\u00e3o Empresarial de Francisco Beltr\u00e3o (Acefb) promove, nos dias 22 e 23 de setembro, o treinamento \u201cGest\u00e3o de Pessoas: do recrutamento \u00e0 reten\u00e7\u00e3o \u2013 como organizar pessoas, processos e resultados\u201d.<\/p>\n\n\n\n<p class=\"wp-block-paragraph\">A capacita\u00e7\u00e3o, desenvolvida para empres\u00e1rios, gestores e profissionais que buscam aprimorar a gest\u00e3o de pessoas dentro das organiza\u00e7\u00f5es, ser\u00e1 realizada das 19h \u00e0s 22h30, na Acefb, com a instrutora Maristela Calegari, integrante do N\u00facleo \u00c1tomo da Acefb.<\/p>\n\n\n\n<p class=\"wp-block-paragraph\">Durante o treinamento, os participantes ter\u00e3o acesso a estrat\u00e9gias pr\u00e1ticas para contratar, desenvolver, engajar e reter profissionais, al\u00e9m de ferramentas para organizar a gest\u00e3o, melhorar processos, fortalecer as equipes e contribuir para melhores resultados.<\/p>\n\n\n\n<p class=\"wp-block-paragraph\">Um dos diferenciais da capacita\u00e7\u00e3o ser\u00e1 a abordagem sobre a implanta\u00e7\u00e3o de um canal de den\u00fancia an\u00f4nima dentro da empresa. A ferramenta pode contribuir para a constru\u00e7\u00e3o de um ambiente de trabalho mais \u00e9tico e seguro, al\u00e9m de auxiliar as organiza\u00e7\u00f5es na ado\u00e7\u00e3o de boas pr\u00e1ticas de governan\u00e7a e conformidade com a legisla\u00e7\u00e3o.<\/p>\n\n\n\n<p class=\"wp-block-paragraph\"><strong>Investimento<\/strong><\/p>\n\n\n\n<p class=\"wp-block-paragraph\">Para associados da Acefb, o investimento \u00e9 de R$ 420, com possibilidade de pagamento em quatro parcelas de R$ 105, sem juros, diretamente na mensalidade. Para n\u00e3o associados, o valor \u00e9 de R$ 470, com pagamento via Pix ou em at\u00e9 quatro vezes de R$ 117,50 no cart\u00e3o de cr\u00e9dito.<\/p>\n\n\n\n<p class=\"wp-block-paragraph\">As vagas s\u00e3o limitadas e as inscri\u00e7\u00f5es j\u00e1 est\u00e3o dispon\u00edveis no site&nbsp;<a href=\"http:\/\/acefb.com.br\/\" target=\"_blank\" rel=\"noopener\">acefb.com.br<\/a>. Mais informa\u00e7\u00f5es no whatsapp (46) 92003-9509.<\/p>\n\n\n\n<p class=\"wp-block-paragraph\"><em><strong>Fonte\/foto: Assessoria<\/strong><\/em><\/p>","protected":false},"excerpt":{"rendered":"<p>Ter as pessoas certas na equipe \u00e9 fundamental para o sucesso de uma empresa, mas saber gerir talentos, organizar processos e manter profissionais engajados pode ser um desafio. Pensando nisso, o Ponto de Atendimento ao Empreendedor da Associa\u00e7\u00e3o Empresarial de Francisco Beltr\u00e3o (Acefb) promove, nos dias 22 e 23 de setembro, o treinamento \u201cGest\u00e3o de&#8230;<\/p>","protected":false},"author":22,"featured_media":32191,"comment_status":"open","ping_status":"open","sticky":false,"template":"","format":"standard","meta":{"_acf_changed":false,"pmpro_default_level":"","footnotes":"","jetpack_publicize_message":"","jetpack_publicize_feature_enabled":true,"jetpack_social_post_already_shared":true,"jetpack_social_options":{"image_generator_settings":{"template":"highway","default_image_id":0,"font":"","enabled":false},"version":2}},"categories":[98,27],"tags":[545,124,693],"post_template":[],"top_category":[77,82],"class_list":["post-32190","post","type-post","status-publish","format-standard","has-post-thumbnail","hentry","category-geral","category-sudoeste","tag-acefb","tag-francisco-beltrao","tag-gestao-de-pessoas","top_category-agora","top_category-noticia","pmpro-has-access"],"acf":[],"jetpack_publicize_connections":[],"_links":{"self":[{"href":"https:\/\/jornalopiniao.com.br\/pt\/wp-json\/wp\/v2\/posts\/32190","targetHints":{"allow":["GET"]}}],"collection":[{"href":"https:\/\/jornalopiniao.com.br\/pt\/wp-json\/wp\/v2\/posts"}],"about":[{"href":"https:\/\/jornalopiniao.com.br\/pt\/wp-json\/wp\/v2\/types\/post"}],"author":[{"embeddable":true,"href":"https:\/\/jornalopiniao.com.br\/pt\/wp-json\/wp\/v2\/users\/22"}],"replies":[{"embeddable":true,"href":"https:\/\/jornalopiniao.com.br\/pt\/wp-json\/wp\/v2\/comments?post=32190"}],"version-history":[{"count":1,"href":"https:\/\/jornalopiniao.com.br\/pt\/wp-json\/wp\/v2\/posts\/32190\/revisions"}],"predecessor-version":[{"id":32192,"href":"https:\/\/jornalopiniao.com.br\/pt\/wp-json\/wp\/v2\/posts\/32190\/revisions\/32192"}],"wp:featuredmedia":[{"embeddable":true,"href":"https:\/\/jornalopiniao.com.br\/pt\/wp-json\/wp\/v2\/media\/32191"}],"wp:attachment":[{"href":"https:\/\/jornalopiniao.com.br\/pt\/wp-json\/wp\/v2\/media?parent=32190"}],"wp:term":[{"taxonomy":"category","embeddable":true,"href":"https:\/\/jornalopiniao.com.br\/pt\/wp-json\/wp\/v2\/categories?post=32190"},{"taxonomy":"post_tag","embeddable":true,"href":"https:\/\/jornalopiniao.com.br\/pt\/wp-json\/wp\/v2\/tags?post=32190"},{"taxonomy":"post_template","embeddable":true,"href":"https:\/\/jornalopiniao.com.br\/pt\/wp-json\/wp\/v2\/post_template?post=32190"},{"taxonomy":"top_category","embeddable":true,"href":"https:\/\/jornalopiniao.com.br\/pt\/wp-json\/wp\/v2\/top_category?post=32190"}],"curies":[{"name":"wp","href":"https:\/\/api.w.org\/{rel}","templated":true}]}}