{"id":32187,"date":"2026-09-03T00:29:33","date_gmt":"2026-09-03T03:29:33","guid":{"rendered":"https:\/\/jornalopiniao.com.br\/?p=32187"},"modified":"2026-09-03T00:29:41","modified_gmt":"2026-09-03T03:29:41","slug":"apos-temporal-administracao-municipal-avalia-estragos-e-reforca-atendimento-as-comunidades-do-interior","status":"publish","type":"post","link":"https:\/\/jornalopiniao.com.br\/pt\/apos-temporal-administracao-municipal-avalia-estragos-e-reforca-atendimento-as-comunidades-do-interior\/","title":{"rendered":"Ap\u00f3s temporal, Administra\u00e7\u00e3o Municipal avalia estragos e refor\u00e7a atendimento \u00e0s comunidades do interior"},"content":{"rendered":"<p class=\"wp-block-paragraph\">Francisco Beltr\u00e3o foi atingido, no in\u00edcio da semana, por uma forte instabilidade clim\u00e1tica, com chuva intensa, ventos fortes e granizo, que provocou estragos em diferentes pontos do munic\u00edpio, principalmente nas comunidades do interior.<\/p>\n\n\n\n<p class=\"wp-block-paragraph\">Diante da situa\u00e7\u00e3o, a Defesa Civil Municipal mobilizou duas equipes para o atendimento emergencial \u00e0s fam\u00edlias atingidas, com apoio do Corpo de Bombeiros e de servidores de diferentes secretarias da Administra\u00e7\u00e3o Municipal.<\/p>\n\n\n\n<p class=\"wp-block-paragraph\">Uma das regi\u00f5es mais afetadas foi Nova Conc\u00f3rdia, onde 10 fam\u00edlias tiveram os im\u00f3veis atingidos pelo vendaval. Casas e estabelecimentos comerciais foram destelhados e tamb\u00e9m foram registrados danos em coberturas de resid\u00eancias e galp\u00f5es provocados pelo granizo. Na comunidade de Divisor, outras cinco fam\u00edlias foram afetadas.<\/p>\n\n\n\n<p class=\"wp-block-paragraph\">Segundo o coordenador municipal da Defesa Civil, Valdeci Priester, a estrutura de atendimento foi organizada para garantir agilidade nas a\u00e7\u00f5es e prestar suporte \u00e0s fam\u00edlias ap\u00f3s a passagem do temporal. \u201cA mobiliza\u00e7\u00e3o envolveu equipes da Defesa Civil, Corpo de Bombeiros, Zeladoria Municipal, Meio Ambiente, Assist\u00eancia Social, Urbanismo, Secretaria do Interior e Banco de Doa\u00e7\u00f5es. Entre as a\u00e7\u00f5es realizadas est\u00e3o a distribui\u00e7\u00e3o de lonas para os im\u00f3veis destelhados, retirada de \u00e1rvores e suporte \u00e0s fam\u00edlias atingidas\u201d, explicou.<\/p>\n\n\n\n<p class=\"wp-block-paragraph\">Ainda na tarde de segunda-feira (31), o prefeito Antonio Pedron acompanhou as equipes nas \u00e1reas mais afetadas, verificou os danos e avaliou, junto aos respons\u00e1veis pelos servi\u00e7os, as medidas necess\u00e1rias para o atendimento \u00e0s fam\u00edlias e a recupera\u00e7\u00e3o dos locais atingidos.<br>\u201cTivemos um forte evento clim\u00e1tico em Beltr\u00e3o e, felizmente, a situa\u00e7\u00e3o foi controlada. A Defesa Civil trabalhou r\u00e1pido. Agora o cuidado precisa ser redobrado. \u00c9 importante estar atento a situa\u00e7\u00f5es que precisam de reparo imediato para evitar acidentes\u201d, destacou o prefeito.<\/p>\n\n\n\n<p class=\"wp-block-paragraph\">Preven\u00e7\u00e3o depende da participa\u00e7\u00e3o da popula\u00e7\u00e3o<\/p>\n\n\n\n<p class=\"wp-block-paragraph\">Durante a avalia\u00e7\u00e3o dos estragos, Pedron tamb\u00e9m refor\u00e7ou a import\u00e2ncia da participa\u00e7\u00e3o da popula\u00e7\u00e3o na preven\u00e7\u00e3o de alagamentos. Segundo ele, o descarte irregular de materiais e restos de obras, al\u00e9m do deslocamento de terra para as vias p\u00fablicas, pode comprometer o sistema de drenagem e aumentar os riscos durante os per\u00edodos de chuva intensa. \u201cN\u00f3s temos entre 30% e 40% da nossa drenagem entupida, e existe um custo muito alto para desentupir e fazer o desassoreamento. Ent\u00e3o, a popula\u00e7\u00e3o tamb\u00e9m precisa ter essa consci\u00eancia e cuidar da nossa cidade. Porque o munic\u00edpio n\u00e3o \u00e9 do prefeito, nem do vice-prefeito, nem dos vereadores. \u00c9 nosso. Ent\u00e3o, n\u00f3s temos que tomar cuidado com a cidade. Isso \u00e9 civismo\u201d, afirmou.<\/p>\n\n\n\n<p class=\"wp-block-paragraph\">Volume de chuva chega a 152 mil\u00edmetros em dois dias<\/p>\n\n\n\n<p class=\"wp-block-paragraph\">Al\u00e9m dos danos provocados pelos ventos e pelo granizo, o volume de chuva registrado nos \u00faltimos dias tamb\u00e9m chama a aten\u00e7\u00e3o. De acordo com Marcelo Da Corregio, respons\u00e1vel pelo setor de Meteorologia e Estat\u00edstica da Defesa Civil, foram registrados aproximadamente 32 mil\u00edmetros de chuva no domingo (30) e 120 mil\u00edmetros na segunda-feira (31).<br>Em apenas dois dias, o acumulado chegou a cerca de 152 mil\u00edmetros.<\/p>\n\n\n\n<p class=\"wp-block-paragraph\">O volume registrado nos \u00faltimos tr\u00eas meses tamb\u00e9m est\u00e1 muito acima da m\u00e9dia esperada para o per\u00edodo. Enquanto a m\u00e9dia \u00e9 de aproximadamente 417,8 mil\u00edmetros, Francisco Beltr\u00e3o j\u00e1 acumula cerca de 799,5 mil\u00edmetros, quase o dobro do volume considerado normal.<\/p>\n\n\n\n<p class=\"wp-block-paragraph\">ESF de Nova Conc\u00f3rdia retoma atendimentos nesta quarta-feira<\/p>\n\n\n\n<p class=\"wp-block-paragraph\">A Unidade de Estrat\u00e9gia de Sa\u00fade da Fam\u00edlia (ESF) de Nova Conc\u00f3rdia tamb\u00e9m foi atingida pelo temporal. Parte do telhado da unidade foi danificada pelos fortes ventos, levando \u00e0 suspens\u00e3o dos atendimentos na segunda-feira (31) e nesta ter\u00e7a-feira (1\u00ba), por medida de seguran\u00e7a, enquanto os reparos eram realizados.<\/p>\n\n\n\n<p class=\"wp-block-paragraph\">Segundo o secret\u00e1rio municipal de Sa\u00fade, Edson Concelier, os servi\u00e7os foram conclu\u00eddos nesta ter\u00e7a-feira e a unidade retoma normalmente os atendimentos a partir desta quarta-feira (2). A Administra\u00e7\u00e3o Municipal segue acompanhando os pontos atingidos e mantendo as equipes mobilizadas para atender as demandas das comunidades afetadas e realizar os reparos necess\u00e1rios.<\/p>\n\n\n\n<p class=\"wp-block-paragraph\"><em><strong>Fonte\/foto: Assessoria<\/strong><\/em><\/p>","protected":false},"excerpt":{"rendered":"<p>Francisco Beltr\u00e3o foi atingido, no in\u00edcio da semana, por uma forte instabilidade clim\u00e1tica, com chuva intensa, ventos fortes e granizo, que provocou estragos em diferentes pontos do munic\u00edpio, principalmente nas comunidades do interior. Diante da situa\u00e7\u00e3o, a Defesa Civil Municipal mobilizou duas equipes para o atendimento emergencial \u00e0s fam\u00edlias atingidas, com apoio do Corpo de&#8230;<\/p>","protected":false},"author":22,"featured_media":32188,"comment_status":"open","ping_status":"open","sticky":false,"template":"","format":"standard","meta":{"_acf_changed":false,"pmpro_default_level":"","footnotes":"","jetpack_publicize_message":"","jetpack_publicize_feature_enabled":true,"jetpack_social_post_already_shared":true,"jetpack_social_options":{"image_generator_settings":{"template":"highway","default_image_id":0,"font":"","enabled":false},"version":2}},"categories":[98,27],"tags":[124,505,692,691],"post_template":[83],"top_category":[77,82],"class_list":["post-32187","post","type-post","status-publish","format-standard","has-post-thumbnail","hentry","category-geral","category-sudoeste","tag-francisco-beltrao","tag-granizo","tag-nova-concordia","tag-temporal","post_template-layout-padrao","top_category-agora","top_category-noticia","pmpro-has-access"],"acf":[],"jetpack_publicize_connections":[],"_links":{"self":[{"href":"https:\/\/jornalopiniao.com.br\/pt\/wp-json\/wp\/v2\/posts\/32187","targetHints":{"allow":["GET"]}}],"collection":[{"href":"https:\/\/jornalopiniao.com.br\/pt\/wp-json\/wp\/v2\/posts"}],"about":[{"href":"https:\/\/jornalopiniao.com.br\/pt\/wp-json\/wp\/v2\/types\/post"}],"author":[{"embeddable":true,"href":"https:\/\/jornalopiniao.com.br\/pt\/wp-json\/wp\/v2\/users\/22"}],"replies":[{"embeddable":true,"href":"https:\/\/jornalopiniao.com.br\/pt\/wp-json\/wp\/v2\/comments?post=32187"}],"version-history":[{"count":1,"href":"https:\/\/jornalopiniao.com.br\/pt\/wp-json\/wp\/v2\/posts\/32187\/revisions"}],"predecessor-version":[{"id":32189,"href":"https:\/\/jornalopiniao.com.br\/pt\/wp-json\/wp\/v2\/posts\/32187\/revisions\/32189"}],"wp:featuredmedia":[{"embeddable":true,"href":"https:\/\/jornalopiniao.com.br\/pt\/wp-json\/wp\/v2\/media\/32188"}],"wp:attachment":[{"href":"https:\/\/jornalopiniao.com.br\/pt\/wp-json\/wp\/v2\/media?parent=32187"}],"wp:term":[{"taxonomy":"category","embeddable":true,"href":"https:\/\/jornalopiniao.com.br\/pt\/wp-json\/wp\/v2\/categories?post=32187"},{"taxonomy":"post_tag","embeddable":true,"href":"https:\/\/jornalopiniao.com.br\/pt\/wp-json\/wp\/v2\/tags?post=32187"},{"taxonomy":"post_template","embeddable":true,"href":"https:\/\/jornalopiniao.com.br\/pt\/wp-json\/wp\/v2\/post_template?post=32187"},{"taxonomy":"top_category","embeddable":true,"href":"https:\/\/jornalopiniao.com.br\/pt\/wp-json\/wp\/v2\/top_category?post=32187"}],"curies":[{"name":"wp","href":"https:\/\/api.w.org\/{rel}","templated":true}]}}