{"id":32184,"date":"2026-09-03T00:24:46","date_gmt":"2026-09-03T03:24:46","guid":{"rendered":"https:\/\/jornalopiniao.com.br\/?p=32184"},"modified":"2026-09-03T00:25:51","modified_gmt":"2026-09-03T03:25:51","slug":"policia-civil-e-ministerio-publico-cumprem-mandados-judiciais-em-rio-bonito-do-iguacu","status":"publish","type":"post","link":"https:\/\/jornalopiniao.com.br\/pt\/policia-civil-e-ministerio-publico-cumprem-mandados-judiciais-em-rio-bonito-do-iguacu\/","title":{"rendered":"Pol\u00edcia Civil e Minist\u00e9rio P\u00fablico cumprem mandados judiciais em rio Bonito do Igua\u00e7u"},"content":{"rendered":"<p class=\"wp-block-paragraph\">A Pol\u00edcia Civil do Paran\u00e1 (PCPR), por meio da 2\u00aa Subdivis\u00e3o Policial de Laranjeiras do Sul, em atua\u00e7\u00e3o conjunta com o Minist\u00e9rio P\u00fablico do Paran\u00e1 (MPPR), cumpriu, na manh\u00e3 desta quarta-feira (2), mandados de busca e apreens\u00e3o no munic\u00edpio de Rio Bonito do Igua\u00e7u, no \u00e2mbito de investiga\u00e7\u00e3o que apura, em tese, a pr\u00e1tica do crime de peculato envolvendo bens e donativos destinados \u00e0s pessoas atingidas pelo tornado que assolou o munic\u00edpio.<\/p>\n\n\n\n<p class=\"wp-block-paragraph\">As ordens judiciais foram cumpridas na sede da Secretaria Municipal de Assist\u00eancia Social e no barrac\u00e3o do Centro de Eventos de Rio Bonito do Igua\u00e7u, locais onde estavam armazenados bens, alimentos e outros mantimentos arrecadados para posterior distribui\u00e7\u00e3o \u00e0 popula\u00e7\u00e3o atingida pelo desastre natural.<\/p>\n\n\n\n<p class=\"wp-block-paragraph\">A opera\u00e7\u00e3o teve como objetivo reunir novos elementos informativos e probat\u00f3rios para esclarecer a destina\u00e7\u00e3o dos donativos e verificar eventual apropria\u00e7\u00e3o, desvio ou utiliza\u00e7\u00e3o indevida de bens que estavam sob a administra\u00e7\u00e3o ou cust\u00f3dia do Poder P\u00fablico e que tinham como finalidade o atendimento das pessoas afetadas pelo tornado.<\/p>\n\n\n\n<p class=\"wp-block-paragraph\">Durante o cumprimento das dilig\u00eancias, foram apreendidos documentos e equipamentos de inform\u00e1tica, incluindo notebooks, considerados de interesse para a investiga\u00e7\u00e3o.<\/p>\n\n\n\n<p class=\"wp-block-paragraph\">Os materiais apreendidos ser\u00e3o submetidos \u00e0 an\u00e1lise t\u00e9cnica e confrontados com os demais elementos j\u00e1 reunidos no procedimento investigativo, a fim de esclarecer as circunst\u00e2ncias dos fatos e verificar a eventual exist\u00eancia de responsabilidade penal.<\/p>\n\n\n\n<p class=\"wp-block-paragraph\">A investiga\u00e7\u00e3o prossegue sob sigilo, com o objetivo de preservar a efetividade das dilig\u00eancias em curso e assegurar o regular desenvolvimento das apura\u00e7\u00f5es.<\/p>\n\n\n\n<p class=\"wp-block-paragraph\"><em><strong>Fonte: Pol\u00edcia Civil <\/strong><\/em><\/p>","protected":false},"excerpt":{"rendered":"<p>A Pol\u00edcia Civil do Paran\u00e1 (PCPR), por meio da 2\u00aa Subdivis\u00e3o Policial de Laranjeiras do Sul, em atua\u00e7\u00e3o conjunta com o Minist\u00e9rio P\u00fablico do Paran\u00e1 (MPPR), cumpriu, na manh\u00e3 desta quarta-feira (2), mandados de busca e apreens\u00e3o no munic\u00edpio de Rio Bonito do Igua\u00e7u, no \u00e2mbito de investiga\u00e7\u00e3o que apura, em tese, a pr\u00e1tica do&#8230;<\/p>","protected":false},"author":22,"featured_media":32185,"comment_status":"open","ping_status":"open","sticky":false,"template":"","format":"standard","meta":{"_acf_changed":false,"pmpro_default_level":"","footnotes":"","jetpack_publicize_message":"","jetpack_publicize_feature_enabled":true,"jetpack_social_post_already_shared":true,"jetpack_social_options":{"image_generator_settings":{"template":"highway","default_image_id":0,"font":"","enabled":false},"version":2}},"categories":[26,98,577,97],"tags":[688,687,690,686,175],"post_template":[83],"top_category":[77,82],"class_list":["post-32184","post","type-post","status-publish","format-standard","has-post-thumbnail","hentry","category-centro-sul","category-geral","category-parana","category-seguranca","tag-arrecadacoes","tag-desvios","tag-pc-pr","tag-peculato","tag-rio-bonito-do-iguacu","post_template-layout-padrao","top_category-agora","top_category-noticia","pmpro-has-access"],"acf":[],"jetpack_publicize_connections":[],"_links":{"self":[{"href":"https:\/\/jornalopiniao.com.br\/pt\/wp-json\/wp\/v2\/posts\/32184","targetHints":{"allow":["GET"]}}],"collection":[{"href":"https:\/\/jornalopiniao.com.br\/pt\/wp-json\/wp\/v2\/posts"}],"about":[{"href":"https:\/\/jornalopiniao.com.br\/pt\/wp-json\/wp\/v2\/types\/post"}],"author":[{"embeddable":true,"href":"https:\/\/jornalopiniao.com.br\/pt\/wp-json\/wp\/v2\/users\/22"}],"replies":[{"embeddable":true,"href":"https:\/\/jornalopiniao.com.br\/pt\/wp-json\/wp\/v2\/comments?post=32184"}],"version-history":[{"count":1,"href":"https:\/\/jornalopiniao.com.br\/pt\/wp-json\/wp\/v2\/posts\/32184\/revisions"}],"predecessor-version":[{"id":32186,"href":"https:\/\/jornalopiniao.com.br\/pt\/wp-json\/wp\/v2\/posts\/32184\/revisions\/32186"}],"wp:featuredmedia":[{"embeddable":true,"href":"https:\/\/jornalopiniao.com.br\/pt\/wp-json\/wp\/v2\/media\/32185"}],"wp:attachment":[{"href":"https:\/\/jornalopiniao.com.br\/pt\/wp-json\/wp\/v2\/media?parent=32184"}],"wp:term":[{"taxonomy":"category","embeddable":true,"href":"https:\/\/jornalopiniao.com.br\/pt\/wp-json\/wp\/v2\/categories?post=32184"},{"taxonomy":"post_tag","embeddable":true,"href":"https:\/\/jornalopiniao.com.br\/pt\/wp-json\/wp\/v2\/tags?post=32184"},{"taxonomy":"post_template","embeddable":true,"href":"https:\/\/jornalopiniao.com.br\/pt\/wp-json\/wp\/v2\/post_template?post=32184"},{"taxonomy":"top_category","embeddable":true,"href":"https:\/\/jornalopiniao.com.br\/pt\/wp-json\/wp\/v2\/top_category?post=32184"}],"curies":[{"name":"wp","href":"https:\/\/api.w.org\/{rel}","templated":true}]}}