{"id":32181,"date":"2026-09-03T00:21:26","date_gmt":"2026-09-03T03:21:26","guid":{"rendered":"https:\/\/jornalopiniao.com.br\/?p=32181"},"modified":"2026-09-03T00:21:28","modified_gmt":"2026-09-03T03:21:28","slug":"policia-civil-cumpre-mandados-e-prende-homem-em-flagrante-em-renascenca","status":"publish","type":"post","link":"https:\/\/jornalopiniao.com.br\/pt\/policia-civil-cumpre-mandados-e-prende-homem-em-flagrante-em-renascenca\/","title":{"rendered":"Pol\u00edcia Civil cumpre mandados e prende homem em flagrante em Renascen\u00e7a"},"content":{"rendered":"<p class=\"wp-block-paragraph\">A Pol\u00edcia Civil do Paran\u00e1 (PCPR), por interm\u00e9dio da Delegacia de Pol\u00edcia de Marmeleiro, com apoio da 19\u00b0 Subdivis\u00e3o Policial de Francisco Beltr\u00e3o, cumpriu na manh\u00e3 desta quarta-feira (02), no munic\u00edpio de Renascen\u00e7a, um mandado de busca e apreens\u00e3o e de pris\u00e3o preventiva contra um homem investigado pelos crimes de amea\u00e7a, les\u00e3o corporal e porte ilegal de arma de fogo.<\/p>\n\n\n\n<p class=\"wp-block-paragraph\">A a\u00e7\u00e3o decorre de uma investiga\u00e7\u00e3o instaurada ap\u00f3s um grave epis\u00f3dio ocorrido no dia 16 de agosto de 2026. Na ocasi\u00e3o, o investigado teria ido at\u00e9 a resid\u00eancia da v\u00edtima cobrando uma d\u00edvida financeira, armado com uma espingarda e um fac\u00e3o. O suspeito teria agredido a v\u00edtima com golpes de fac\u00e3o, efetuado disparos e proferido amea\u00e7as de morte direcionadas \u00e0 v\u00edtima e aos seus familiares.<\/p>\n\n\n\n<p class=\"wp-block-paragraph\">Diante da gravidade dos fatos e da periculosidade demonstrada, a Autoridade Policial representou pelas ordens judiciais de pris\u00e3o e de busca e apreens\u00e3o, prontamente deferidas pelo Ju\u00edzo das Garantias da Comarca de Marmeleiro.<\/p>\n\n\n\n<p class=\"wp-block-paragraph\">Durante o cumprimento das ordens judiciais na manh\u00e3 de hoje, na zona rural de Renascen\u00e7a, as equipes policiais localizaram e apreenderam no local uma arma de fogo, calibre 22, muni\u00e7\u00e3o deflagrada do mesmo calibre, uma espingarda de press\u00e3o e um cano de arma longa sem marca aparente.<\/p>\n\n\n\n<p class=\"wp-block-paragraph\">Diante da ilicitude do armamento e materiais encontrados, o indiv\u00edduo tamb\u00e9m recebeu voz de pris\u00e3o em flagrante por posse ilegal de arma de fogo. Ele foi conduzido \u00e0 unidade policial para os procedimentos cab\u00edveis e, em seguida, encaminhado ao Departamento de Pol\u00edcia Penal (DEPPEN), onde permanece \u00e0 disposi\u00e7\u00e3o da Justi\u00e7a.<\/p>\n\n\n\n<p class=\"wp-block-paragraph\">&#8220;A pronta resposta das equipes policiais e o cumprimento das ordens judiciais refor\u00e7am a firme atua\u00e7\u00e3o da PCPR no combate aos crimes violentos e ao porte ilegal de armas. A retirada desses armamentos de circula\u00e7\u00e3o reitera o compromisso inabal\u00e1vel da Pol\u00edcia Civil com a seguran\u00e7a p\u00fablica e a ordem p\u00fablica na Comarca&#8221;, destacou a delegada Paula Wisniewski.<\/p>\n\n\n\n<p class=\"wp-block-paragraph\"><em><strong>Fonte\/foto: Pol\u00edcia Civil <\/strong><\/em><\/p>","protected":false},"excerpt":{"rendered":"<p>A Pol\u00edcia Civil do Paran\u00e1 (PCPR), por interm\u00e9dio da Delegacia de Pol\u00edcia de Marmeleiro, com apoio da 19\u00b0 Subdivis\u00e3o Policial de Francisco Beltr\u00e3o, cumpriu na manh\u00e3 desta quarta-feira (02), no munic\u00edpio de Renascen\u00e7a, um mandado de busca e apreens\u00e3o e de pris\u00e3o preventiva contra um homem investigado pelos crimes de amea\u00e7a, les\u00e3o corporal e porte&#8230;<\/p>","protected":false},"author":22,"featured_media":32182,"comment_status":"open","ping_status":"open","sticky":false,"template":"","format":"standard","meta":{"_acf_changed":false,"pmpro_default_level":"","footnotes":"","jetpack_publicize_message":"","jetpack_publicize_feature_enabled":true,"jetpack_social_post_already_shared":true,"jetpack_social_options":{"image_generator_settings":{"template":"highway","default_image_id":0,"font":"","enabled":false},"version":2}},"categories":[97,27],"tags":[320,254,419,487],"post_template":[],"top_category":[82],"class_list":["post-32181","post","type-post","status-publish","format-standard","has-post-thumbnail","hentry","category-seguranca","category-sudoeste","tag-armas","tag-policia-civil","tag-presos","tag-renascenca","top_category-noticia","pmpro-has-access"],"acf":[],"jetpack_publicize_connections":[],"_links":{"self":[{"href":"https:\/\/jornalopiniao.com.br\/pt\/wp-json\/wp\/v2\/posts\/32181","targetHints":{"allow":["GET"]}}],"collection":[{"href":"https:\/\/jornalopiniao.com.br\/pt\/wp-json\/wp\/v2\/posts"}],"about":[{"href":"https:\/\/jornalopiniao.com.br\/pt\/wp-json\/wp\/v2\/types\/post"}],"author":[{"embeddable":true,"href":"https:\/\/jornalopiniao.com.br\/pt\/wp-json\/wp\/v2\/users\/22"}],"replies":[{"embeddable":true,"href":"https:\/\/jornalopiniao.com.br\/pt\/wp-json\/wp\/v2\/comments?post=32181"}],"version-history":[{"count":1,"href":"https:\/\/jornalopiniao.com.br\/pt\/wp-json\/wp\/v2\/posts\/32181\/revisions"}],"predecessor-version":[{"id":32183,"href":"https:\/\/jornalopiniao.com.br\/pt\/wp-json\/wp\/v2\/posts\/32181\/revisions\/32183"}],"wp:featuredmedia":[{"embeddable":true,"href":"https:\/\/jornalopiniao.com.br\/pt\/wp-json\/wp\/v2\/media\/32182"}],"wp:attachment":[{"href":"https:\/\/jornalopiniao.com.br\/pt\/wp-json\/wp\/v2\/media?parent=32181"}],"wp:term":[{"taxonomy":"category","embeddable":true,"href":"https:\/\/jornalopiniao.com.br\/pt\/wp-json\/wp\/v2\/categories?post=32181"},{"taxonomy":"post_tag","embeddable":true,"href":"https:\/\/jornalopiniao.com.br\/pt\/wp-json\/wp\/v2\/tags?post=32181"},{"taxonomy":"post_template","embeddable":true,"href":"https:\/\/jornalopiniao.com.br\/pt\/wp-json\/wp\/v2\/post_template?post=32181"},{"taxonomy":"top_category","embeddable":true,"href":"https:\/\/jornalopiniao.com.br\/pt\/wp-json\/wp\/v2\/top_category?post=32181"}],"curies":[{"name":"wp","href":"https:\/\/api.w.org\/{rel}","templated":true}]}}