{"id":32175,"date":"2026-09-03T00:14:49","date_gmt":"2026-09-03T03:14:49","guid":{"rendered":"https:\/\/jornalopiniao.com.br\/?p=32175"},"modified":"2026-09-03T00:14:56","modified_gmt":"2026-09-03T03:14:56","slug":"tse-decide-nao-multar-flavio-bolsonaro-por-uso-de-video-feito-com-ia","status":"publish","type":"post","link":"https:\/\/jornalopiniao.com.br\/pt\/tse-decide-nao-multar-flavio-bolsonaro-por-uso-de-video-feito-com-ia\/","title":{"rendered":"TSE decide n\u00e3o multar Fl\u00e1vio Bolsonaro por uso de v\u00eddeo feito com IA"},"content":{"rendered":"<p class=\"wp-block-paragraph\">O Tribunal Superior Eleitoral (TSE)&nbsp;<strong>decidiu n\u00e3o multar o candidato do PL \u00e0 Presid\u00eancia, Fl\u00e1vio Bolsonaro, pelo uso de um v\u00eddeo de Jair Bolsonaro criado por intelig\u00eancia artificial.<\/strong><img decoding=\"async\" src=\"https:\/\/agenciabrasil.ebc.com.br\/ebc.png?id=1701318&amp;o=node\"><img decoding=\"async\" src=\"https:\/\/agenciabrasil.ebc.com.br\/ebc.gif?id=1701318&amp;o=node\"><\/p>\n\n\n\n<p class=\"wp-block-paragraph\">A pe\u00e7a, divulgada durante a conven\u00e7\u00e3o do partido, no m\u00eas de julho, mostra uma reprodu\u00e7\u00e3o do ex-presidente declarando apoio \u00e0 candidatura de Fl\u00e1vio.<\/p>\n\n\n\n<p class=\"wp-block-paragraph\">Por quatro votos a tr\u00eas, os ministros decidiram que&nbsp;<strong>a exibi\u00e7\u00e3o do v\u00eddeo n\u00e3o configurou propaganda eleitoral antecipada<\/strong>. Segundo o relator, ministro Kassio Nunes Marques, o v\u00eddeo foi exibido durante um evento fechado e n\u00e3o houve pedido de voto. Nunes Marques tamb\u00e9m considerou que a transmiss\u00e3o pela internet n\u00e3o transformou automaticamente a manifesta\u00e7\u00e3o em propaganda eleitoral antecipada.<\/p>\n\n\n\n<p class=\"wp-block-paragraph\">Ao julgar o caso, o TSE tamb\u00e9m estabeleceu&nbsp;<strong>crit\u00e9rios para definir o que \u00e9 deepfake<\/strong>. Segundo a Corte, deepfake \u00e9 um conte\u00fado produzido ou manipulado por intelig\u00eancia artificial, com alto grau de realismo, capaz de criar, reproduzir ou alterar a imagem, a voz ou a manifesta\u00e7\u00e3o de uma pessoa viva, morta ou fict\u00edcia.&nbsp;<strong>Na pr\u00e1tica, esse tipo de conte\u00fado pode criar uma falsa percep\u00e7\u00e3o de autenticidade e levar o eleitor a acreditar que uma pessoa disse ou fez algo que n\u00e3o aconteceu.<\/strong><\/p>\n\n\n\n<p class=\"wp-block-paragraph\">O TSE decidiu ainda que a proibi\u00e7\u00e3o do uso de deepfakes nas elei\u00e7\u00f5es depende de o conte\u00fado ser caracterizado como propaganda eleitoral.<\/p>\n\n\n\n<p class=\"wp-block-paragraph\"><em><strong>Fonte\/foto: Ag\u00eancia Brasil<\/strong><\/em><\/p>","protected":false},"excerpt":{"rendered":"<p>O Tribunal Superior Eleitoral (TSE)&nbsp;decidiu n\u00e3o multar o candidato do PL \u00e0 Presid\u00eancia, Fl\u00e1vio Bolsonaro, pelo uso de um v\u00eddeo de Jair Bolsonaro criado por intelig\u00eancia artificial. A pe\u00e7a, divulgada durante a conven\u00e7\u00e3o do partido, no m\u00eas de julho, mostra uma reprodu\u00e7\u00e3o do ex-presidente declarando apoio \u00e0 candidatura de Fl\u00e1vio. Por quatro votos a tr\u00eas,&#8230;<\/p>","protected":false},"author":22,"featured_media":32176,"comment_status":"open","ping_status":"open","sticky":false,"template":"","format":"standard","meta":{"_acf_changed":false,"pmpro_default_level":"","footnotes":"","jetpack_publicize_message":"","jetpack_publicize_feature_enabled":true,"jetpack_social_post_already_shared":true,"jetpack_social_options":{"image_generator_settings":{"template":"highway","default_image_id":0,"font":"","enabled":false},"version":2}},"categories":[218,576,25],"tags":[539,684,683,243],"post_template":[83],"top_category":[77,82],"class_list":["post-32175","post","type-post","status-publish","format-standard","has-post-thumbnail","hentry","category-brasil","category-eleicoes-2026","category-politica","tag-flavio-bolsonaro","tag-ia","tag-multas","tag-tse","post_template-layout-padrao","top_category-agora","top_category-noticia","pmpro-has-access"],"acf":[],"jetpack_publicize_connections":[],"_links":{"self":[{"href":"https:\/\/jornalopiniao.com.br\/pt\/wp-json\/wp\/v2\/posts\/32175","targetHints":{"allow":["GET"]}}],"collection":[{"href":"https:\/\/jornalopiniao.com.br\/pt\/wp-json\/wp\/v2\/posts"}],"about":[{"href":"https:\/\/jornalopiniao.com.br\/pt\/wp-json\/wp\/v2\/types\/post"}],"author":[{"embeddable":true,"href":"https:\/\/jornalopiniao.com.br\/pt\/wp-json\/wp\/v2\/users\/22"}],"replies":[{"embeddable":true,"href":"https:\/\/jornalopiniao.com.br\/pt\/wp-json\/wp\/v2\/comments?post=32175"}],"version-history":[{"count":1,"href":"https:\/\/jornalopiniao.com.br\/pt\/wp-json\/wp\/v2\/posts\/32175\/revisions"}],"predecessor-version":[{"id":32177,"href":"https:\/\/jornalopiniao.com.br\/pt\/wp-json\/wp\/v2\/posts\/32175\/revisions\/32177"}],"wp:featuredmedia":[{"embeddable":true,"href":"https:\/\/jornalopiniao.com.br\/pt\/wp-json\/wp\/v2\/media\/32176"}],"wp:attachment":[{"href":"https:\/\/jornalopiniao.com.br\/pt\/wp-json\/wp\/v2\/media?parent=32175"}],"wp:term":[{"taxonomy":"category","embeddable":true,"href":"https:\/\/jornalopiniao.com.br\/pt\/wp-json\/wp\/v2\/categories?post=32175"},{"taxonomy":"post_tag","embeddable":true,"href":"https:\/\/jornalopiniao.com.br\/pt\/wp-json\/wp\/v2\/tags?post=32175"},{"taxonomy":"post_template","embeddable":true,"href":"https:\/\/jornalopiniao.com.br\/pt\/wp-json\/wp\/v2\/post_template?post=32175"},{"taxonomy":"top_category","embeddable":true,"href":"https:\/\/jornalopiniao.com.br\/pt\/wp-json\/wp\/v2\/top_category?post=32175"}],"curies":[{"name":"wp","href":"https:\/\/api.w.org\/{rel}","templated":true}]}}