{"id":32172,"date":"2026-09-03T00:11:29","date_gmt":"2026-09-03T03:11:29","guid":{"rendered":"https:\/\/jornalopiniao.com.br\/?p=32172"},"modified":"2026-09-03T00:11:35","modified_gmt":"2026-09-03T03:11:35","slug":"anvisa-determina-interdicao-de-agua-mineral-sem-gas-da-marca-vitoriosa","status":"publish","type":"post","link":"https:\/\/jornalopiniao.com.br\/pt\/anvisa-determina-interdicao-de-agua-mineral-sem-gas-da-marca-vitoriosa\/","title":{"rendered":"Anvisa determina interdi\u00e7\u00e3o de \u00e1gua mineral sem g\u00e1s da marca Vitoriosa"},"content":{"rendered":"<p class=\"wp-block-paragraph\">A Ag\u00eancia Nacional de Vigil\u00e2ncia Sanit\u00e1ria (Anvisa) determinou, nesta quarta-feira (2), a interdi\u00e7\u00e3o cautelar da \u00e1gua mineral sem g\u00e1s da marca Vitoriosa. Laudo emitido pelo Laborat\u00f3rio Central de Sa\u00fade P\u00fablica Noel Nutels detectou resultado insatisfat\u00f3rio no ensaio microbiol\u00f3gico, com detec\u00e7\u00e3o de coliformes totais em 250 mm da bebida.<br>\u00a0<br><strong>O produto n\u00e3o deve ser consumido ou comercializado at\u00e9 que seja comprovada a sua seguran\u00e7a.<\/strong><br>\u00a0<br>A Anvisa esclarece que a medida preventiva permanece vigente enquanto s\u00e3o realizados novos testes, necess\u00e1rios para a investiga\u00e7\u00e3o e para a conclus\u00e3o do caso.<br>\u00a0<br>A reportagem da Ag\u00eancia Brasil entrou em contato com a fabricante GEPF Agroind\u00fastria e aguarda posicionamento da empresa.<\/p>\n\n\n\n<p class=\"wp-block-paragraph\"><em><strong>Fonte\/foto: Ag\u00eancia Brasil<\/strong><\/em><\/p>","protected":false},"excerpt":{"rendered":"<p>A Ag\u00eancia Nacional de Vigil\u00e2ncia Sanit\u00e1ria (Anvisa) determinou, nesta quarta-feira (2), a interdi\u00e7\u00e3o cautelar da \u00e1gua mineral sem g\u00e1s da marca Vitoriosa. Laudo emitido pelo Laborat\u00f3rio Central de Sa\u00fade P\u00fablica Noel Nutels detectou resultado insatisfat\u00f3rio no ensaio microbiol\u00f3gico, com detec\u00e7\u00e3o de coliformes totais em 250 mm da bebida.\u00a0O produto n\u00e3o deve ser consumido ou comercializado&#8230;<\/p>","protected":false},"author":22,"featured_media":32173,"comment_status":"open","ping_status":"open","sticky":false,"template":"","format":"standard","meta":{"_acf_changed":false,"pmpro_default_level":"","footnotes":"","jetpack_publicize_message":"","jetpack_publicize_feature_enabled":true,"jetpack_social_post_already_shared":true,"jetpack_social_options":{"image_generator_settings":{"template":"highway","default_image_id":0,"font":"","enabled":false},"version":2}},"categories":[218,99,575],"tags":[681,682,193],"post_template":[83],"top_category":[77,82],"class_list":["post-32172","post","type-post","status-publish","format-standard","has-post-thumbnail","hentry","category-brasil","category-economia","category-saude","tag-agua","tag-anvisam-suspensao","tag-brasil","post_template-layout-padrao","top_category-agora","top_category-noticia","pmpro-has-access"],"acf":[],"jetpack_publicize_connections":[],"_links":{"self":[{"href":"https:\/\/jornalopiniao.com.br\/pt\/wp-json\/wp\/v2\/posts\/32172","targetHints":{"allow":["GET"]}}],"collection":[{"href":"https:\/\/jornalopiniao.com.br\/pt\/wp-json\/wp\/v2\/posts"}],"about":[{"href":"https:\/\/jornalopiniao.com.br\/pt\/wp-json\/wp\/v2\/types\/post"}],"author":[{"embeddable":true,"href":"https:\/\/jornalopiniao.com.br\/pt\/wp-json\/wp\/v2\/users\/22"}],"replies":[{"embeddable":true,"href":"https:\/\/jornalopiniao.com.br\/pt\/wp-json\/wp\/v2\/comments?post=32172"}],"version-history":[{"count":1,"href":"https:\/\/jornalopiniao.com.br\/pt\/wp-json\/wp\/v2\/posts\/32172\/revisions"}],"predecessor-version":[{"id":32174,"href":"https:\/\/jornalopiniao.com.br\/pt\/wp-json\/wp\/v2\/posts\/32172\/revisions\/32174"}],"wp:featuredmedia":[{"embeddable":true,"href":"https:\/\/jornalopiniao.com.br\/pt\/wp-json\/wp\/v2\/media\/32173"}],"wp:attachment":[{"href":"https:\/\/jornalopiniao.com.br\/pt\/wp-json\/wp\/v2\/media?parent=32172"}],"wp:term":[{"taxonomy":"category","embeddable":true,"href":"https:\/\/jornalopiniao.com.br\/pt\/wp-json\/wp\/v2\/categories?post=32172"},{"taxonomy":"post_tag","embeddable":true,"href":"https:\/\/jornalopiniao.com.br\/pt\/wp-json\/wp\/v2\/tags?post=32172"},{"taxonomy":"post_template","embeddable":true,"href":"https:\/\/jornalopiniao.com.br\/pt\/wp-json\/wp\/v2\/post_template?post=32172"},{"taxonomy":"top_category","embeddable":true,"href":"https:\/\/jornalopiniao.com.br\/pt\/wp-json\/wp\/v2\/top_category?post=32172"}],"curies":[{"name":"wp","href":"https:\/\/api.w.org\/{rel}","templated":true}]}}