{"id":32162,"date":"2026-09-01T09:10:50","date_gmt":"2026-09-01T12:10:50","guid":{"rendered":"https:\/\/jornalopiniao.com.br\/?p=32162"},"modified":"2026-09-01T09:10:57","modified_gmt":"2026-09-01T12:10:57","slug":"toffoli-suspende-propaganda-de-renan-santos-na-internet","status":"publish","type":"post","link":"https:\/\/jornalopiniao.com.br\/pt\/toffoli-suspende-propaganda-de-renan-santos-na-internet\/","title":{"rendered":"Toffoli suspende propaganda de Renan Santos na internet"},"content":{"rendered":"<p class=\"wp-block-paragraph\"><strong>O ministro Dias Toffoli, do Tribunal Superior Eleitoral (TSE), decidiu nesta segunda-feira (31) suspender a propaganda eleitoral do candidato \u00e0 Presid\u00eancia da Rep\u00fablica Renan Santos (Miss\u00e3o) na internet.<\/strong><img decoding=\"async\" src=\"https:\/\/agenciabrasil.ebc.com.br\/ebc.png?id=1701113&amp;o=node\"><img decoding=\"async\" src=\"https:\/\/agenciabrasil.ebc.com.br\/ebc.gif?id=1701113&amp;o=node\"><\/p>\n\n\n\n<p class=\"wp-block-paragraph\">Toffoli tamb\u00e9m determinou a suspens\u00e3o dos repasses do Fundo Especial de Financiamento de Campanha (FEFC) para o candidato e&nbsp;<strong>o proibiu de participar de debates que forem realizados em televis\u00e3o, r\u00e1dio e&nbsp;<em>podcasts<\/em>.<\/strong><\/p>\n\n\n\n<p class=\"wp-block-paragraph\">A decis\u00e3o do ministro ter\u00e1 validade at\u00e9 a decis\u00e3o final do TSE sobre o caso.<\/p>\n\n\n\n<p class=\"wp-block-paragraph\"><strong>Segundo Toffoli, o partido Miss\u00e3o deixou de informar \u00e0 Justi\u00e7a Eleitoral perfis de propaganda do candidato nas redes sociais.&nbsp;<\/strong><\/p>\n\n\n\n<p class=\"wp-block-paragraph\">Na decis\u00e3o, o ministro pontuou que 16 perfis ligados ao candidato foram informados ao TSE 12 dias ap\u00f3s o per\u00edodo de registro de candidatura.<\/p>\n\n\n\n<blockquote class=\"wp-block-quote is-layout-flow wp-block-quote-is-layout-flow\">\n<p class=\"wp-block-paragraph\">&#8220;Em simples consulta ao primeiro deles, que conta com 2,4 milh\u00f5es de seguidores, constatei que o perfil veicula propaganda eleitoral, atrai recomenda\u00e7\u00f5es de outros candidatos (que, portanto, igualmente n\u00e3o informaram os endere\u00e7os \u00e0 Justi\u00e7a Eleitoral) e est\u00e1 sendo recomendado por esses candidatos&#8221;, afirmou o ministro.<\/p>\n<\/blockquote>\n\n\n\n<p class=\"wp-block-paragraph\">No entendimento de Toffoli, os perfis que n\u00e3o foram informados est\u00e3o em situa\u00e7\u00e3o irregular.&nbsp;<strong>&nbsp;&#8220;Constata-se que ao menos um perfil est\u00e1 em utiliza\u00e7\u00e3o irregular para difus\u00e3o de conte\u00fado a milh\u00f5es de seguidores e com favorecimento pelos algoritmos de recomenda\u00e7\u00e3o&#8221;, afirmou.<\/strong><\/p>\n\n\n\n<p class=\"wp-block-paragraph\">De acordo com a Lei das Elei\u00e7\u00f5es, partidos e candidatos devem informar \u00e0 Justi\u00e7a Eleitoral os endere\u00e7os eletr\u00f4nicos que ser\u00e3o usados na campanha, incluindo&nbsp;<em>blogs<\/em>&nbsp;e redes sociais.<\/p>\n\n\n\n<p class=\"wp-block-paragraph\"><em><strong>Fonte\/foto: Ag\u00eancia Brasil<\/strong><\/em><\/p>","protected":false},"excerpt":{"rendered":"<p>O ministro Dias Toffoli, do Tribunal Superior Eleitoral (TSE), decidiu nesta segunda-feira (31) suspender a propaganda eleitoral do candidato \u00e0 Presid\u00eancia da Rep\u00fablica Renan Santos (Miss\u00e3o) na internet. Toffoli tamb\u00e9m determinou a suspens\u00e3o dos repasses do Fundo Especial de Financiamento de Campanha (FEFC) para o candidato e&nbsp;o proibiu de participar de debates que forem realizados&#8230;<\/p>","protected":false},"author":22,"featured_media":32163,"comment_status":"open","ping_status":"open","sticky":false,"template":"","format":"standard","meta":{"_acf_changed":false,"pmpro_default_level":"","footnotes":"","jetpack_publicize_message":"","jetpack_publicize_feature_enabled":true,"jetpack_social_post_already_shared":true,"jetpack_social_options":{"image_generator_settings":{"template":"highway","default_image_id":0,"font":"","enabled":false},"version":2}},"categories":[218,576,98,25],"tags":[240,677,675,243],"post_template":[83],"top_category":[77,82],"class_list":["post-32162","post","type-post","status-publish","format-standard","has-post-thumbnail","hentry","category-brasil","category-eleicoes-2026","category-geral","category-politica","tag-campanha","tag-intenet","tag-renan-santos","tag-tse","post_template-layout-padrao","top_category-agora","top_category-noticia","pmpro-has-access"],"acf":[],"jetpack_publicize_connections":[],"_links":{"self":[{"href":"https:\/\/jornalopiniao.com.br\/pt\/wp-json\/wp\/v2\/posts\/32162","targetHints":{"allow":["GET"]}}],"collection":[{"href":"https:\/\/jornalopiniao.com.br\/pt\/wp-json\/wp\/v2\/posts"}],"about":[{"href":"https:\/\/jornalopiniao.com.br\/pt\/wp-json\/wp\/v2\/types\/post"}],"author":[{"embeddable":true,"href":"https:\/\/jornalopiniao.com.br\/pt\/wp-json\/wp\/v2\/users\/22"}],"replies":[{"embeddable":true,"href":"https:\/\/jornalopiniao.com.br\/pt\/wp-json\/wp\/v2\/comments?post=32162"}],"version-history":[{"count":1,"href":"https:\/\/jornalopiniao.com.br\/pt\/wp-json\/wp\/v2\/posts\/32162\/revisions"}],"predecessor-version":[{"id":32164,"href":"https:\/\/jornalopiniao.com.br\/pt\/wp-json\/wp\/v2\/posts\/32162\/revisions\/32164"}],"wp:featuredmedia":[{"embeddable":true,"href":"https:\/\/jornalopiniao.com.br\/pt\/wp-json\/wp\/v2\/media\/32163"}],"wp:attachment":[{"href":"https:\/\/jornalopiniao.com.br\/pt\/wp-json\/wp\/v2\/media?parent=32162"}],"wp:term":[{"taxonomy":"category","embeddable":true,"href":"https:\/\/jornalopiniao.com.br\/pt\/wp-json\/wp\/v2\/categories?post=32162"},{"taxonomy":"post_tag","embeddable":true,"href":"https:\/\/jornalopiniao.com.br\/pt\/wp-json\/wp\/v2\/tags?post=32162"},{"taxonomy":"post_template","embeddable":true,"href":"https:\/\/jornalopiniao.com.br\/pt\/wp-json\/wp\/v2\/post_template?post=32162"},{"taxonomy":"top_category","embeddable":true,"href":"https:\/\/jornalopiniao.com.br\/pt\/wp-json\/wp\/v2\/top_category?post=32162"}],"curies":[{"name":"wp","href":"https:\/\/api.w.org\/{rel}","templated":true}]}}