{"id":32147,"date":"2026-08-30T08:39:00","date_gmt":"2026-08-30T11:39:00","guid":{"rendered":"https:\/\/jornalopiniao.com.br\/?p=32147"},"modified":"2026-08-29T10:41:39","modified_gmt":"2026-08-29T13:41:39","slug":"festival-la-frontera-integra-brasil-e-argentina-com-turismo-negocios-e-educacao","status":"publish","type":"post","link":"https:\/\/jornalopiniao.com.br\/pt\/festival-la-frontera-integra-brasil-e-argentina-com-turismo-negocios-e-educacao\/","title":{"rendered":"Festival La Frontera integra Brasil e Argentina com turismo, neg\u00f3cios e educa\u00e7\u00e3o"},"content":{"rendered":"<p class=\"wp-block-paragraph\">O encontro entre Brasil e Argentina ganha cores, sabores, cultura e oportunidades de neg\u00f3cios durante o IV Festival Internacional de Turismo La Frontera, realizado de 28 a 30 de agosto, no Lago Internacional da Trifronteira, entre Barrac\u00e3o (PR), Dion\u00edsio Cerqueira (SC) e Bernardo de Irigoyen, na Argentina. Com expectativa de receber mais de 60 mil pessoas durante os tr\u00eas dias, o Festival re\u00fane empreendedores, estudantes, moradores e visitantes da regi\u00e3o e de outros munic\u00edpios.<\/p>\n\n\n\n<p class=\"wp-block-paragraph\">Com uma programa\u00e7\u00e3o voltada \u00e0 valoriza\u00e7\u00e3o das potencialidades do territ\u00f3rio, a iniciativa busca fortalecer uma identidade regional que ultrapassa os limites geogr\u00e1ficos entre os dois pa\u00edses. O La Frontera abrange 21 munic\u00edpios do Paran\u00e1, Santa Catarina e da prov\u00edncia de Misiones, na Argentina.<\/p>\n\n\n\n<p class=\"wp-block-paragraph\">O diretor-superintendente do Sebrae\/PR, Vitor Roberto Tioqueta, destaca que o desenvolvimento da regi\u00e3o de fronteira passa pelo fortalecimento das lideran\u00e7as locais e por uma atua\u00e7\u00e3o integrada, capaz de envolver os munic\u00edpios e diferentes gera\u00e7\u00f5es.<\/p>\n\n\n\n<p class=\"wp-block-paragraph\">\u201cQuando trabalhamos o territ\u00f3rio de forma integrada, envolvendo munic\u00edpios, lideran\u00e7as e a pr\u00f3pria comunidade, ampliamos as possibilidades de desenvolvimento. E isso tamb\u00e9m passa pelas novas gera\u00e7\u00f5es, pela educa\u00e7\u00e3o e pelo sentimento de pertencimento. Crian\u00e7as, adolescentes e jovens ajudam a olhar para o lugar onde vivem com novas perspectivas e a perceber que tamb\u00e9m podem fazer parte da transforma\u00e7\u00e3o desse territ\u00f3rio. O Sebrae seguir\u00e1 apoiando iniciativas que fortale\u00e7am essa integra\u00e7\u00e3o e criem oportunidades dos dois lados da fronteira\u201d, afirma Vitor.<\/p>\n\n\n\n<p class=\"wp-block-paragraph\">Ao reunir, em um mesmo espa\u00e7o, gastronomia, cultura, educa\u00e7\u00e3o e empreendedorismo, o Festival tamb\u00e9m funciona como uma vitrine para produtos, servi\u00e7os, atrativos e experi\u00eancias da regi\u00e3o. A circula\u00e7\u00e3o de visitantes alcan\u00e7a diferentes atividades econ\u00f4micas e ajuda a dar visibilidade ao que \u00e9 produzido e oferecido nos munic\u00edpios do territ\u00f3rio.<\/p>\n\n\n\n<p class=\"wp-block-paragraph\">A pr\u00f3pria programa\u00e7\u00e3o traduz essa diversidade. Durante os tr\u00eas dias, o p\u00fablico poder\u00e1 acompanhar o 4\u00ba Festival Gastron\u00f4mico Internacional Sabores de La Frontera, apresenta\u00e7\u00f5es de bandas locais, o 2\u00ba Encontro de Carros Antigos, a 4\u00aa Mostra Cultural, a 3\u00aa Mateada Internacional e o IV Encontro de Bateristas.<\/p>\n\n\n\n<p class=\"wp-block-paragraph\">Para os munic\u00edpios diretamente ligados pelo Lago Internacional, o Festival tamb\u00e9m representa a oportunidade de fortalecer uma caracter\u00edstica que j\u00e1 faz parte da rotina de seus moradores: a conviv\u00eancia cotidiana entre cidades e pa\u00edses.<\/p>\n\n\n\n<p class=\"wp-block-paragraph\">A prefeita de Dion\u00edsio Cerqueira (SC) e presidente do Cons\u00f3rcio Intermunicipal da Fronteira (CIF), Bianca Maran Bertamoni, pontua que o Festival La Frontera representa um projeto constru\u00eddo coletivamente, que aproxima munic\u00edpios e lideran\u00e7as em torno de objetivos comuns para a regi\u00e3o.<\/p>\n\n\n\n<p class=\"wp-block-paragraph\">\u201cEstamos muito felizes por realizar mais uma edi\u00e7\u00e3o de um Festival que nasceu de um sonho: mostrar que podemos trabalhar de forma integrada e apresentar a nossa fronteira como um territ\u00f3rio \u00fanico. O Festival \u00e9 uma oportunidade de compartilhar o que temos de melhor e levar a for\u00e7a da nossa fronteira para todo o Brasil. Como gestores, estamos aqui para dar as m\u00e3os, unir esfor\u00e7os e pensar juntos em um futuro melhor para todos\u201d, enfatiza Bianca.<\/p>\n\n\n\n<p class=\"wp-block-paragraph\">O intendente de Bernardo de Irigoyen, Edgardo Aquino, destaca que o fortalecimento da integra\u00e7\u00e3o constru\u00eddo nos \u00faltimos anos tem permitido que as iniciativas desenvolvidas na fronteira ultrapassem os limites territoriais de cada munic\u00edpio.<\/p>\n\n\n\n<p class=\"wp-block-paragraph\">\u201c\u00c9 uma alegria para n\u00f3s que trabalhamos todos os dias pelo desenvolvimento desta regi\u00e3o, perceber que nossas a\u00e7\u00f5es ultrapassam os limites territoriais e ganham uma dimens\u00e3o cada vez maior. O trabalho do Comit\u00ea La Frontera e de toda essa equipe tem ajudado a mostrar a realidade e o potencial que temos aqui\u201d, pontua Edgardo.<\/p>\n\n\n\n<p class=\"wp-block-paragraph\"><strong>Festival constru\u00eddo pelo territ\u00f3rio<\/strong><\/p>\n\n\n\n<p class=\"wp-block-paragraph\">Presidente do Comit\u00ea de Desenvolvimento Territorial La Frontera, Walter Feldman, acompanha a trajet\u00f3ria do Festival desde as primeiras edi\u00e7\u00f5es. Para ele, a evolu\u00e7\u00e3o da iniciativa ao longo dos \u00faltimos quatro anos reflete a mobiliza\u00e7\u00e3o regional e o trabalho conjunto entre munic\u00edpios e institui\u00e7\u00f5es.<\/p>\n\n\n\n<p class=\"wp-block-paragraph\">\u201cTemos nos dedicado muito para que o Festival cres\u00e7a a cada ano e contribua efetivamente com o desenvolvimento do nosso territ\u00f3rio. O Sebrae tem sido um grande parceiro dessa caminhada, fortalecendo esse trabalho. Sabemos que o La Frontera tem potencial para ser ainda maior e queremos que estes dias de Festival sejam melhores a cada edi\u00e7\u00e3o, gerando oportunidades, integra\u00e7\u00e3o e valorizando tudo o que a nossa fronteira tem\u201d, acrescenta Walter.<\/p>\n\n\n\n<p class=\"wp-block-paragraph\"><strong>Empreendedorismo desde a escola<\/strong><\/p>\n\n\n\n<p class=\"wp-block-paragraph\">A educa\u00e7\u00e3o empreendedora tamb\u00e9m ganha espa\u00e7o na programa\u00e7\u00e3o do Festival. A 4\u00aa Mostra de Educa\u00e7\u00e3o Empreendedora (JEPP) re\u00fane mais de 600 alunos de 26 escolas do Paran\u00e1, Santa Catarina e da Argentina, que apresentam ao p\u00fablico atividades e produtos desenvolvidos a partir dos conhecimentos trabalhados no programa Jovens Empreendedores Primeiros Passos, do Sebrae.<\/p>\n\n\n\n<p class=\"wp-block-paragraph\">O JEPP estimula comportamentos empreendedores desde os primeiros anos da forma\u00e7\u00e3o escolar, trabalhando aspectos como criatividade, planejamento, coopera\u00e7\u00e3o, iniciativa, resolu\u00e7\u00e3o de problemas e trabalho em equipe. Na regi\u00e3o de fronteira, a metodologia ganha uma dimens\u00e3o pr\u00f3pria, ao aproximar estudantes brasileiros e argentinos por meio da educa\u00e7\u00e3o empreendedora.<\/p>\n\n\n\n<p class=\"wp-block-paragraph\">Durante a abertura do Festival, autoridades argentinas formalizaram um pedido ao gerente da Unidade de Pol\u00edticas P\u00fablicas do Sebrae Nacional, Augusto Togni de Almeida Abreu, para que os materiais do JEPP sejam disponibilizados oficialmente em espanhol, que o programa contemple estudantes do 1\u00ba ao 9\u00ba ano e seja ampliado para toda a prov\u00edncia de Misiones.<\/p>\n\n\n\n<p class=\"wp-block-paragraph\"><em><strong>Fonte\/foto: Assessoria<\/strong><\/em><\/p>\n\n\n\n<p class=\"wp-block-paragraph\"><\/p>","protected":false},"excerpt":{"rendered":"<p>O encontro entre Brasil e Argentina ganha cores, sabores, cultura e oportunidades de neg\u00f3cios durante o IV Festival Internacional de Turismo La Frontera, realizado de 28 a 30 de agosto, no Lago Internacional da Trifronteira, entre Barrac\u00e3o (PR), Dion\u00edsio Cerqueira (SC) e Bernardo de Irigoyen, na Argentina. Com expectativa de receber mais de 60 mil&#8230;<\/p>","protected":false},"author":22,"featured_media":32148,"comment_status":"open","ping_status":"open","sticky":false,"template":"","format":"standard","meta":{"_acf_changed":false,"pmpro_default_level":"","footnotes":"","jetpack_publicize_message":"","jetpack_publicize_feature_enabled":true,"jetpack_social_post_already_shared":true,"jetpack_social_options":{"image_generator_settings":{"template":"highway","default_image_id":0,"font":"","enabled":false},"version":2}},"categories":[99,98,27],"tags":[509,193,665,666,522],"post_template":[83],"top_category":[77,82],"class_list":["post-32147","post","type-post","status-publish","format-standard","has-post-thumbnail","hentry","category-economia","category-geral","category-sudoeste","tag-argentina","tag-brasil","tag-festival","tag-fronteira","tag-parana-2","post_template-layout-padrao","top_category-agora","top_category-noticia","pmpro-has-access"],"acf":[],"jetpack_publicize_connections":[],"_links":{"self":[{"href":"https:\/\/jornalopiniao.com.br\/pt\/wp-json\/wp\/v2\/posts\/32147","targetHints":{"allow":["GET"]}}],"collection":[{"href":"https:\/\/jornalopiniao.com.br\/pt\/wp-json\/wp\/v2\/posts"}],"about":[{"href":"https:\/\/jornalopiniao.com.br\/pt\/wp-json\/wp\/v2\/types\/post"}],"author":[{"embeddable":true,"href":"https:\/\/jornalopiniao.com.br\/pt\/wp-json\/wp\/v2\/users\/22"}],"replies":[{"embeddable":true,"href":"https:\/\/jornalopiniao.com.br\/pt\/wp-json\/wp\/v2\/comments?post=32147"}],"version-history":[{"count":1,"href":"https:\/\/jornalopiniao.com.br\/pt\/wp-json\/wp\/v2\/posts\/32147\/revisions"}],"predecessor-version":[{"id":32149,"href":"https:\/\/jornalopiniao.com.br\/pt\/wp-json\/wp\/v2\/posts\/32147\/revisions\/32149"}],"wp:featuredmedia":[{"embeddable":true,"href":"https:\/\/jornalopiniao.com.br\/pt\/wp-json\/wp\/v2\/media\/32148"}],"wp:attachment":[{"href":"https:\/\/jornalopiniao.com.br\/pt\/wp-json\/wp\/v2\/media?parent=32147"}],"wp:term":[{"taxonomy":"category","embeddable":true,"href":"https:\/\/jornalopiniao.com.br\/pt\/wp-json\/wp\/v2\/categories?post=32147"},{"taxonomy":"post_tag","embeddable":true,"href":"https:\/\/jornalopiniao.com.br\/pt\/wp-json\/wp\/v2\/tags?post=32147"},{"taxonomy":"post_template","embeddable":true,"href":"https:\/\/jornalopiniao.com.br\/pt\/wp-json\/wp\/v2\/post_template?post=32147"},{"taxonomy":"top_category","embeddable":true,"href":"https:\/\/jornalopiniao.com.br\/pt\/wp-json\/wp\/v2\/top_category?post=32147"}],"curies":[{"name":"wp","href":"https:\/\/api.w.org\/{rel}","templated":true}]}}